{"id":10076,"date":"2025-11-27T09:06:10","date_gmt":"2025-11-27T08:06:10","guid":{"rendered":"https:\/\/dindoa.nl\/ws\/?p=10076"},"modified":"2025-11-27T09:06:12","modified_gmt":"2025-11-27T08:06:12","slug":"balsponsor-dindoa-de-meeuwen-cafe-de-molenaer-cafe-de-veluwe","status":"publish","type":"post","link":"https:\/\/dindoa.nl\/ws\/2025\/11\/27\/balsponsor-dindoa-de-meeuwen-cafe-de-molenaer-cafe-de-veluwe\/","title":{"rendered":"Balsponsor Dindoa \u2013 De Meeuwen: Caf\u00e9 De Molenaer &amp; Caf\u00e9 De Veluwe"},"content":{"rendered":"\n<p><strong>Caf\u00e9 de Molenaer x Caf\u00e9 de Veluwe \u2013 Twee begrippen in Ermelo, \u00e9\u00e9n beleving.<\/strong><\/p>\n\n\n\n<p>Vanaf 2025 bundelen Caf\u00e9 de Molenaer en Caf\u00e9 de Veluwe hun krachten. Het resultaat? Een vernieuwend concept waarin twee gevestigde namen samen zorgen voor n\u00f3g meer sfeer, gezelligheid en onvergetelijke momenten. Bekend, vertrouwd en tegelijk verrassend nieuw. Samen sterker.<\/p>\n\n\n\n<p>Bij Caf\u00e9 de Molenaer draait het sinds 2013 om liefde voor horeca in zijn puurste vorm. Of het nou voor een heerlijke kop koffie, een gezellige borrel met smaakvolle bites of een feestje is, de Molenaer is de plek waar je moet zijn. Warm, uitnodigend en altijd met een lach.<\/p>\n\n\n\n<p>Bij Caf\u00e9 de Veluwe gaat het volume n\u00f3g verder omhoog. Hier beleef je de nachten waar iedereen het maandag nog over heeft. Elke vrijdag en zaterdag staan wij klaar om de energie door het dak te laten gaan. Goede muziek, goede sfeer \u2013 precies zoals het hoort.<\/p>\n\n\n\n<p>Een unieke samenwerking waarin dag en nacht samenkomen. Van ontspannen koffiemoment tot uitbundige stapavond: bij ons beleef je het allemaal onder \u00e9\u00e9n vlag. Meer sfeer. Meer gezelligheid. Meer herinneringen om nooit te vergeten.<\/p>\n\n\n\n<p>Caf\u00e9 de Molenaer x Caf\u00e9 de Veluwe \u2013 Waar jouw dag begint en jouw nacht onvergetelijk wordt.<\/p>\n","protected":false},"excerpt":{"rendered":"<p>Caf\u00e9 de Molenaer x Caf\u00e9 de Veluwe \u2013 Twee begrippen in Ermelo, \u00e9\u00e9n beleving. Vanaf 2025 bundelen Caf\u00e9 de Molenaer&#8230;<\/p>\n","protected":false},"author":30,"featured_media":10077,"comment_status":"closed","ping_status":"closed","sticky":false,"template":"","format":"standard","meta":{"_acf_changed":false,"_monsterinsights_skip_tracking":false,"_monsterinsights_sitenote_active":false,"_monsterinsights_sitenote_note":"","_monsterinsights_sitenote_category":0,"footnotes":""},"categories":[4],"tags":[],"class_list":["post-10076","post","type-post","status-publish","format-standard","has-post-thumbnail","hentry","category-nieuws"],"acf":[],"jetpack_featured_media_url":"https:\/\/i0.wp.com\/dindoa.nl\/ws\/wp-content\/uploads\/2025\/11\/Banner-nieuwsberichten-website.png?fit=6912%2C3456&ssl=1","_links":{"self":[{"href":"https:\/\/dindoa.nl\/ws\/wp-json\/wp\/v2\/posts\/10076","targetHints":{"allow":["GET"]}}],"collection":[{"href":"https:\/\/dindoa.nl\/ws\/wp-json\/wp\/v2\/posts"}],"about":[{"href":"https:\/\/dindoa.nl\/ws\/wp-json\/wp\/v2\/types\/post"}],"author":[{"embeddable":true,"href":"https:\/\/dindoa.nl\/ws\/wp-json\/wp\/v2\/users\/30"}],"replies":[{"embeddable":true,"href":"https:\/\/dindoa.nl\/ws\/wp-json\/wp\/v2\/comments?post=10076"}],"version-history":[{"count":2,"href":"https:\/\/dindoa.nl\/ws\/wp-json\/wp\/v2\/posts\/10076\/revisions"}],"predecessor-version":[{"id":10079,"href":"https:\/\/dindoa.nl\/ws\/wp-json\/wp\/v2\/posts\/10076\/revisions\/10079"}],"wp:featuredmedia":[{"embeddable":true,"href":"https:\/\/dindoa.nl\/ws\/wp-json\/wp\/v2\/media\/10077"}],"wp:attachment":[{"href":"https:\/\/dindoa.nl\/ws\/wp-json\/wp\/v2\/media?parent=10076"}],"wp:term":[{"taxonomy":"category","embeddable":true,"href":"https:\/\/dindoa.nl\/ws\/wp-json\/wp\/v2\/categories?post=10076"},{"taxonomy":"post_tag","embeddable":true,"href":"https:\/\/dindoa.nl\/ws\/wp-json\/wp\/v2\/tags?post=10076"}],"curies":[{"name":"wp","href":"https:\/\/api.w.org\/{rel}","templated":true}]}}